{"id":6435,"date":"2026-04-14T17:15:52","date_gmt":"2026-04-14T17:15:52","guid":{"rendered":"https:\/\/www.iescarlessalvador.es\/?p=6435"},"modified":"2026-04-14T17:15:53","modified_gmt":"2026-04-14T17:15:53","slug":"alumnat-del-pac-a-la-trobada-global-de-la-xarxa-solidaria-de-jovens-madrid","status":"publish","type":"post","link":"https:\/\/www.iescarlessalvador.es\/?p=6435","title":{"rendered":"Alumnat del pac A LA tROBADA GLOBAL DE LA XARXA SOLID\u00c0RIA DE J\u00d3VENS (MADRID)"},"content":{"rendered":"\n<p>\u00abTrobada Global de la Xarxa Solid\u00e0ria de J\u00f3vens, organitzat per l&#8217;ONG Entreculturas, \u00e9s un esdeveniment destacat que reunix j\u00f3vens, educadors i voluntaris de diversos pa\u00efsos per a treballar en la participaci\u00f3, el pensament cr\u00edtic i la transformaci\u00f3 social\u00bb<\/p>\n\n\n\n<figure class=\"wp-block-gallery has-nested-images columns-default is-cropped wp-block-gallery-1 is-layout-flex wp-block-gallery-is-layout-flex\">\n<figure class=\"wp-block-image size-large\"><img fetchpriority=\"high\" decoding=\"async\" width=\"1024\" height=\"683\" data-id=\"6436\" src=\"https:\/\/www.iescarlessalvador.es\/wp-content\/uploads\/2026\/04\/WhatsApp-Image-2026-04-14-at-16.18.04-1-1024x683.jpeg\" alt=\"\" class=\"wp-image-6436\" srcset=\"https:\/\/www.iescarlessalvador.es\/wp-content\/uploads\/2026\/04\/WhatsApp-Image-2026-04-14-at-16.18.04-1-1024x683.jpeg 1024w, https:\/\/www.iescarlessalvador.es\/wp-content\/uploads\/2026\/04\/WhatsApp-Image-2026-04-14-at-16.18.04-1-300x200.jpeg 300w, https:\/\/www.iescarlessalvador.es\/wp-content\/uploads\/2026\/04\/WhatsApp-Image-2026-04-14-at-16.18.04-1-768x512.jpeg 768w, https:\/\/www.iescarlessalvador.es\/wp-content\/uploads\/2026\/04\/WhatsApp-Image-2026-04-14-at-16.18.04-1-1536x1024.jpeg 1536w, https:\/\/www.iescarlessalvador.es\/wp-content\/uploads\/2026\/04\/WhatsApp-Image-2026-04-14-at-16.18.04-1-930x620.jpeg 930w, https:\/\/www.iescarlessalvador.es\/wp-content\/uploads\/2026\/04\/WhatsApp-Image-2026-04-14-at-16.18.04-1.jpeg 2048w\" sizes=\"(max-width: 1024px) 100vw, 1024px\" \/><\/figure>\n\n\n\n<figure class=\"wp-block-image size-large\"><img decoding=\"async\" width=\"1024\" height=\"647\" data-id=\"6439\" src=\"https:\/\/www.iescarlessalvador.es\/wp-content\/uploads\/2026\/04\/WhatsApp-Image-2026-04-14-at-16.18.04-2-1024x647.jpeg\" alt=\"\" class=\"wp-image-6439\" srcset=\"https:\/\/www.iescarlessalvador.es\/wp-content\/uploads\/2026\/04\/WhatsApp-Image-2026-04-14-at-16.18.04-2-1024x647.jpeg 1024w, https:\/\/www.iescarlessalvador.es\/wp-content\/uploads\/2026\/04\/WhatsApp-Image-2026-04-14-at-16.18.04-2-300x190.jpeg 300w, https:\/\/www.iescarlessalvador.es\/wp-content\/uploads\/2026\/04\/WhatsApp-Image-2026-04-14-at-16.18.04-2-768x485.jpeg 768w, https:\/\/www.iescarlessalvador.es\/wp-content\/uploads\/2026\/04\/WhatsApp-Image-2026-04-14-at-16.18.04-2-1536x971.jpeg 1536w, https:\/\/www.iescarlessalvador.es\/wp-content\/uploads\/2026\/04\/WhatsApp-Image-2026-04-14-at-16.18.04-2.jpeg 2048w\" sizes=\"(max-width: 1024px) 100vw, 1024px\" \/><\/figure>\n\n\n\n<figure class=\"wp-block-image size-large\"><img decoding=\"async\" width=\"1024\" height=\"763\" data-id=\"6438\" src=\"https:\/\/www.iescarlessalvador.es\/wp-content\/uploads\/2026\/04\/WhatsApp-Image-2026-04-14-at-16.18.04-3-1024x763.jpeg\" alt=\"\" class=\"wp-image-6438\" srcset=\"https:\/\/www.iescarlessalvador.es\/wp-content\/uploads\/2026\/04\/WhatsApp-Image-2026-04-14-at-16.18.04-3-1024x763.jpeg 1024w, https:\/\/www.iescarlessalvador.es\/wp-content\/uploads\/2026\/04\/WhatsApp-Image-2026-04-14-at-16.18.04-3-300x224.jpeg 300w, https:\/\/www.iescarlessalvador.es\/wp-content\/uploads\/2026\/04\/WhatsApp-Image-2026-04-14-at-16.18.04-3-768x572.jpeg 768w, https:\/\/www.iescarlessalvador.es\/wp-content\/uploads\/2026\/04\/WhatsApp-Image-2026-04-14-at-16.18.04-3-1536x1145.jpeg 1536w, https:\/\/www.iescarlessalvador.es\/wp-content\/uploads\/2026\/04\/WhatsApp-Image-2026-04-14-at-16.18.04-3.jpeg 2048w\" sizes=\"(max-width: 1024px) 100vw, 1024px\" \/><\/figure>\n\n\n\n<figure class=\"wp-block-image size-large\"><img loading=\"lazy\" decoding=\"async\" width=\"1024\" height=\"771\" data-id=\"6437\" src=\"https:\/\/www.iescarlessalvador.es\/wp-content\/uploads\/2026\/04\/WhatsApp-Image-2026-04-14-at-16.18.04-1024x771.jpeg\" alt=\"\" class=\"wp-image-6437\" srcset=\"https:\/\/www.iescarlessalvador.es\/wp-content\/uploads\/2026\/04\/WhatsApp-Image-2026-04-14-at-16.18.04-1024x771.jpeg 1024w, https:\/\/www.iescarlessalvador.es\/wp-content\/uploads\/2026\/04\/WhatsApp-Image-2026-04-14-at-16.18.04-300x226.jpeg 300w, https:\/\/www.iescarlessalvador.es\/wp-content\/uploads\/2026\/04\/WhatsApp-Image-2026-04-14-at-16.18.04-768x578.jpeg 768w, https:\/\/www.iescarlessalvador.es\/wp-content\/uploads\/2026\/04\/WhatsApp-Image-2026-04-14-at-16.18.04-1536x1157.jpeg 1536w, https:\/\/www.iescarlessalvador.es\/wp-content\/uploads\/2026\/04\/WhatsApp-Image-2026-04-14-at-16.18.04.jpeg 2040w\" sizes=\"(max-width: 1024px) 100vw, 1024px\" \/><\/figure>\n<\/figure>\n\n\n\n<p><br>Es va realitzar del 10 al 12 d&#8217;abril de 2026 en la poblaci\u00f3 madrilenya de Guadarrama, reunint j\u00f3vens de nou pa\u00efsos per a abordar la participaci\u00f3 i la construcci\u00f3 de respostes col\u00b7lectives enfront de la desigualtat.<\/p>\n\n\n\n<p><br>Esta iniciativa \u00e9s part de la Xarxa Solid\u00e0ria de J\u00f3vens de l&#8217;ONG Entreculturas, que porta funcionant des de 2001 i ha involucrat a m\u00e9s de 16.000 j\u00f3vens en projectes educatius i socials. Enguany per primera vegada ha comptat amb la participaci\u00f3 del PAC IES Salvador.<\/p>\n","protected":false},"excerpt":{"rendered":"<p>\u00abTrobada Global de la Xarxa Solid\u00e0ria de J\u00f3vens, organitzat per l&#8217;ONG Entreculturas, \u00e9s un esdeveniment destacat que reunix j\u00f3vens, educadors i voluntaris de diversos pa\u00efsos per a treballar en la participaci\u00f3, el pensament cr\u00edtic i la transformaci\u00f3 social\u00bb Es va realitzar del 10 al 12 d&#8217;abril de 2026 en la poblaci\u00f3 madrilenya de Guadarrama, reunint&hellip;&nbsp;<a href=\"https:\/\/www.iescarlessalvador.es\/?p=6435\" class=\"\" rel=\"bookmark\">Leer m\u00e1s &raquo;<span class=\"screen-reader-text\">Alumnat del pac A LA tROBADA GLOBAL DE LA XARXA SOLID\u00c0RIA DE J\u00d3VENS (MADRID)<\/span><\/a><\/p>\n","protected":false},"author":1,"featured_media":6437,"comment_status":"closed","ping_status":"closed","sticky":false,"template":"","format":"standard","meta":{"rop_custom_images_group":[],"rop_custom_messages_group":[],"rop_publish_now":"yes","rop_publish_now_accounts":[],"rop_publish_now_history":[],"rop_publish_now_status":"pending","neve_meta_sidebar":"","neve_meta_container":"","neve_meta_enable_content_width":"","neve_meta_content_width":0,"neve_meta_title_alignment":"","neve_meta_author_avatar":"","neve_post_elements_order":"","neve_meta_disable_header":"","neve_meta_disable_footer":"","neve_meta_disable_title":"","footnotes":""},"categories":[238],"tags":[331,327,329],"class_list":["post-6435","post","type-post","status-publish","format-standard","has-post-thumbnail","hentry","category-noticies-ca","tag-madrid","tag-pac","tag-trobada"],"_links":{"self":[{"href":"https:\/\/www.iescarlessalvador.es\/index.php?rest_route=\/wp\/v2\/posts\/6435","targetHints":{"allow":["GET"]}}],"collection":[{"href":"https:\/\/www.iescarlessalvador.es\/index.php?rest_route=\/wp\/v2\/posts"}],"about":[{"href":"https:\/\/www.iescarlessalvador.es\/index.php?rest_route=\/wp\/v2\/types\/post"}],"author":[{"embeddable":true,"href":"https:\/\/www.iescarlessalvador.es\/index.php?rest_route=\/wp\/v2\/users\/1"}],"replies":[{"embeddable":true,"href":"https:\/\/www.iescarlessalvador.es\/index.php?rest_route=%2Fwp%2Fv2%2Fcomments&post=6435"}],"version-history":[{"count":1,"href":"https:\/\/www.iescarlessalvador.es\/index.php?rest_route=\/wp\/v2\/posts\/6435\/revisions"}],"predecessor-version":[{"id":6440,"href":"https:\/\/www.iescarlessalvador.es\/index.php?rest_route=\/wp\/v2\/posts\/6435\/revisions\/6440"}],"wp:featuredmedia":[{"embeddable":true,"href":"https:\/\/www.iescarlessalvador.es\/index.php?rest_route=\/wp\/v2\/media\/6437"}],"wp:attachment":[{"href":"https:\/\/www.iescarlessalvador.es\/index.php?rest_route=%2Fwp%2Fv2%2Fmedia&parent=6435"}],"wp:term":[{"taxonomy":"category","embeddable":true,"href":"https:\/\/www.iescarlessalvador.es\/index.php?rest_route=%2Fwp%2Fv2%2Fcategories&post=6435"},{"taxonomy":"post_tag","embeddable":true,"href":"https:\/\/www.iescarlessalvador.es\/index.php?rest_route=%2Fwp%2Fv2%2Ftags&post=6435"}],"curies":[{"name":"wp","href":"https:\/\/api.w.org\/{rel}","templated":true}]}}