{"id":6441,"date":"2026-04-14T17:17:47","date_gmt":"2026-04-14T17:17:47","guid":{"rendered":"https:\/\/www.iescarlessalvador.es\/?p=6441"},"modified":"2026-04-14T17:17:48","modified_gmt":"2026-04-14T17:17:48","slug":"alumnado-del-pac-en-el-encuentro-global-de-la-red-solidaria-de-jovenes-madrid","status":"publish","type":"post","link":"https:\/\/www.iescarlessalvador.es\/?p=6441&lang=es","title":{"rendered":"Alumnado del pac EN EL ENCUENTRO GLOBAL DE LA RED SOLIDARIA DE J\u00d3VENES (MADRID)"},"content":{"rendered":"\n<p>\u00abEncuentro Global de la Red Solidaria de J\u00f3venes, organizado por la ONG Entreculturas, es un evento destacado que re\u00fane a j\u00f3venes, educadores y voluntarios de diversos pa\u00edses para trabajar en la participaci\u00f3n, el pensamiento cr\u00edtico y la transformaci\u00f3n social\u00bb<\/p>\n\n\n\n<figure class=\"wp-block-gallery has-nested-images columns-default is-cropped wp-block-gallery-1 is-layout-flex wp-block-gallery-is-layout-flex\">\n<figure class=\"wp-block-image size-large\"><img fetchpriority=\"high\" decoding=\"async\" width=\"1024\" height=\"647\" data-id=\"6439\" src=\"https:\/\/www.iescarlessalvador.es\/wp-content\/uploads\/2026\/04\/WhatsApp-Image-2026-04-14-at-16.18.04-2-1024x647.jpeg\" alt=\"\" class=\"wp-image-6439\" srcset=\"https:\/\/www.iescarlessalvador.es\/wp-content\/uploads\/2026\/04\/WhatsApp-Image-2026-04-14-at-16.18.04-2-1024x647.jpeg 1024w, https:\/\/www.iescarlessalvador.es\/wp-content\/uploads\/2026\/04\/WhatsApp-Image-2026-04-14-at-16.18.04-2-300x190.jpeg 300w, https:\/\/www.iescarlessalvador.es\/wp-content\/uploads\/2026\/04\/WhatsApp-Image-2026-04-14-at-16.18.04-2-768x485.jpeg 768w, https:\/\/www.iescarlessalvador.es\/wp-content\/uploads\/2026\/04\/WhatsApp-Image-2026-04-14-at-16.18.04-2-1536x971.jpeg 1536w, https:\/\/www.iescarlessalvador.es\/wp-content\/uploads\/2026\/04\/WhatsApp-Image-2026-04-14-at-16.18.04-2.jpeg 2048w\" sizes=\"(max-width: 1024px) 100vw, 1024px\" \/><\/figure>\n\n\n\n<figure class=\"wp-block-image size-large\"><img decoding=\"async\" width=\"1024\" height=\"683\" data-id=\"6436\" src=\"https:\/\/www.iescarlessalvador.es\/wp-content\/uploads\/2026\/04\/WhatsApp-Image-2026-04-14-at-16.18.04-1-1024x683.jpeg\" alt=\"\" class=\"wp-image-6436\" srcset=\"https:\/\/www.iescarlessalvador.es\/wp-content\/uploads\/2026\/04\/WhatsApp-Image-2026-04-14-at-16.18.04-1-1024x683.jpeg 1024w, https:\/\/www.iescarlessalvador.es\/wp-content\/uploads\/2026\/04\/WhatsApp-Image-2026-04-14-at-16.18.04-1-300x200.jpeg 300w, https:\/\/www.iescarlessalvador.es\/wp-content\/uploads\/2026\/04\/WhatsApp-Image-2026-04-14-at-16.18.04-1-768x512.jpeg 768w, https:\/\/www.iescarlessalvador.es\/wp-content\/uploads\/2026\/04\/WhatsApp-Image-2026-04-14-at-16.18.04-1-1536x1024.jpeg 1536w, https:\/\/www.iescarlessalvador.es\/wp-content\/uploads\/2026\/04\/WhatsApp-Image-2026-04-14-at-16.18.04-1-930x620.jpeg 930w, https:\/\/www.iescarlessalvador.es\/wp-content\/uploads\/2026\/04\/WhatsApp-Image-2026-04-14-at-16.18.04-1.jpeg 2048w\" sizes=\"(max-width: 1024px) 100vw, 1024px\" \/><\/figure>\n\n\n\n<figure class=\"wp-block-image size-large\"><img decoding=\"async\" width=\"1024\" height=\"763\" data-id=\"6438\" src=\"https:\/\/www.iescarlessalvador.es\/wp-content\/uploads\/2026\/04\/WhatsApp-Image-2026-04-14-at-16.18.04-3-1024x763.jpeg\" alt=\"\" class=\"wp-image-6438\" srcset=\"https:\/\/www.iescarlessalvador.es\/wp-content\/uploads\/2026\/04\/WhatsApp-Image-2026-04-14-at-16.18.04-3-1024x763.jpeg 1024w, https:\/\/www.iescarlessalvador.es\/wp-content\/uploads\/2026\/04\/WhatsApp-Image-2026-04-14-at-16.18.04-3-300x224.jpeg 300w, https:\/\/www.iescarlessalvador.es\/wp-content\/uploads\/2026\/04\/WhatsApp-Image-2026-04-14-at-16.18.04-3-768x572.jpeg 768w, https:\/\/www.iescarlessalvador.es\/wp-content\/uploads\/2026\/04\/WhatsApp-Image-2026-04-14-at-16.18.04-3-1536x1145.jpeg 1536w, https:\/\/www.iescarlessalvador.es\/wp-content\/uploads\/2026\/04\/WhatsApp-Image-2026-04-14-at-16.18.04-3.jpeg 2048w\" sizes=\"(max-width: 1024px) 100vw, 1024px\" \/><\/figure>\n\n\n\n<figure class=\"wp-block-image size-large\"><img loading=\"lazy\" decoding=\"async\" width=\"1024\" height=\"771\" data-id=\"6437\" src=\"https:\/\/www.iescarlessalvador.es\/wp-content\/uploads\/2026\/04\/WhatsApp-Image-2026-04-14-at-16.18.04-1024x771.jpeg\" alt=\"\" class=\"wp-image-6437\" srcset=\"https:\/\/www.iescarlessalvador.es\/wp-content\/uploads\/2026\/04\/WhatsApp-Image-2026-04-14-at-16.18.04-1024x771.jpeg 1024w, https:\/\/www.iescarlessalvador.es\/wp-content\/uploads\/2026\/04\/WhatsApp-Image-2026-04-14-at-16.18.04-300x226.jpeg 300w, https:\/\/www.iescarlessalvador.es\/wp-content\/uploads\/2026\/04\/WhatsApp-Image-2026-04-14-at-16.18.04-768x578.jpeg 768w, https:\/\/www.iescarlessalvador.es\/wp-content\/uploads\/2026\/04\/WhatsApp-Image-2026-04-14-at-16.18.04-1536x1157.jpeg 1536w, https:\/\/www.iescarlessalvador.es\/wp-content\/uploads\/2026\/04\/WhatsApp-Image-2026-04-14-at-16.18.04.jpeg 2040w\" sizes=\"(max-width: 1024px) 100vw, 1024px\" \/><\/figure>\n<\/figure>\n\n\n\n<p><br>Se realiz\u00f3 del 10 al 12 de abril de 2026 en la poblaci\u00f3n madrile\u00f1a de Guadarrama, reuniendo a j\u00f3venes de nueve pa\u00edses para abordar la participaci\u00f3n y la construcci\u00f3n de respuestas colectivas frente a la desigualdad.<\/p>\n\n\n\n<p><br>Esta iniciativa es parte de la Red Solidaria de J\u00f3venes de la ONG Entreculturas, que lleva funcionando desde 2001 y ha involucrado a m\u00e1s de 16,000 j\u00f3venes en proyectos educativos y sociales. Este a\u00f1o por primera vez ha contado con la participaci\u00f3n del PAC IES Salvador.<\/p>\n","protected":false},"excerpt":{"rendered":"<p>\u00abEncuentro Global de la Red Solidaria de J\u00f3venes, organizado por la ONG Entreculturas, es un evento destacado que re\u00fane a j\u00f3venes, educadores y voluntarios de diversos pa\u00edses para trabajar en la participaci\u00f3n, el pensamiento cr\u00edtico y la transformaci\u00f3n social\u00bb Se realiz\u00f3 del 10 al 12 de abril de 2026 en la poblaci\u00f3n madrile\u00f1a de Guadarrama,&hellip;&nbsp;<a href=\"https:\/\/www.iescarlessalvador.es\/?p=6441&#038;lang=es\" class=\"\" rel=\"bookmark\">Leer m\u00e1s &raquo;<span class=\"screen-reader-text\">Alumnado del pac EN EL ENCUENTRO GLOBAL DE LA RED SOLIDARIA DE J\u00d3VENES (MADRID)<\/span><\/a><\/p>\n","protected":false},"author":1,"featured_media":6437,"comment_status":"closed","ping_status":"closed","sticky":false,"template":"","format":"standard","meta":{"rop_custom_images_group":[],"rop_custom_messages_group":[],"rop_publish_now":"yes","rop_publish_now_accounts":[],"rop_publish_now_history":[],"rop_publish_now_status":"pending","neve_meta_sidebar":"","neve_meta_container":"","neve_meta_enable_content_width":"","neve_meta_content_width":0,"neve_meta_title_alignment":"","neve_meta_author_avatar":"","neve_post_elements_order":"","neve_meta_disable_header":"","neve_meta_disable_footer":"","neve_meta_disable_title":"","footnotes":""},"categories":[34],"tags":[],"class_list":["post-6441","post","type-post","status-publish","format-standard","has-post-thumbnail","hentry","category-noticias"],"_links":{"self":[{"href":"https:\/\/www.iescarlessalvador.es\/index.php?rest_route=\/wp\/v2\/posts\/6441","targetHints":{"allow":["GET"]}}],"collection":[{"href":"https:\/\/www.iescarlessalvador.es\/index.php?rest_route=\/wp\/v2\/posts"}],"about":[{"href":"https:\/\/www.iescarlessalvador.es\/index.php?rest_route=\/wp\/v2\/types\/post"}],"author":[{"embeddable":true,"href":"https:\/\/www.iescarlessalvador.es\/index.php?rest_route=\/wp\/v2\/users\/1"}],"replies":[{"embeddable":true,"href":"https:\/\/www.iescarlessalvador.es\/index.php?rest_route=%2Fwp%2Fv2%2Fcomments&post=6441"}],"version-history":[{"count":1,"href":"https:\/\/www.iescarlessalvador.es\/index.php?rest_route=\/wp\/v2\/posts\/6441\/revisions"}],"predecessor-version":[{"id":6442,"href":"https:\/\/www.iescarlessalvador.es\/index.php?rest_route=\/wp\/v2\/posts\/6441\/revisions\/6442"}],"wp:featuredmedia":[{"embeddable":true,"href":"https:\/\/www.iescarlessalvador.es\/index.php?rest_route=\/wp\/v2\/media\/6437"}],"wp:attachment":[{"href":"https:\/\/www.iescarlessalvador.es\/index.php?rest_route=%2Fwp%2Fv2%2Fmedia&parent=6441"}],"wp:term":[{"taxonomy":"category","embeddable":true,"href":"https:\/\/www.iescarlessalvador.es\/index.php?rest_route=%2Fwp%2Fv2%2Fcategories&post=6441"},{"taxonomy":"post_tag","embeddable":true,"href":"https:\/\/www.iescarlessalvador.es\/index.php?rest_route=%2Fwp%2Fv2%2Ftags&post=6441"}],"curies":[{"name":"wp","href":"https:\/\/api.w.org\/{rel}","templated":true}]}}