{"id":6443,"date":"2026-04-17T14:05:40","date_gmt":"2026-04-17T14:05:40","guid":{"rendered":"https:\/\/www.iescarlessalvador.es\/?p=6443"},"modified":"2026-04-17T14:05:58","modified_gmt":"2026-04-17T14:05:58","slug":"taller-de-comunicacio-no-violenta-ampa-ies-carles-salvador","status":"publish","type":"post","link":"https:\/\/www.iescarlessalvador.es\/?p=6443","title":{"rendered":"Taller de Comunicaci\u00f3 no violenta &#8211; ampa IES Carles Salvador"},"content":{"rendered":"\n<p>Aquesta propera setmana iniciem el taller de Comunicaci\u00f3 no violenta per a adolescents. S&#8217;impartir\u00e0 al IES Carles Salvador d&#8217;Aldaia a l&#8217;alumnat de 3r d&#8217;ESO i est\u00e0 organitzat i subvencionat per l&#8217;AMPA del centre.<\/p>\n\n\n\n<figure class=\"wp-block-image size-large is-resized\"><img fetchpriority=\"high\" decoding=\"async\" width=\"572\" height=\"1024\" src=\"https:\/\/www.iescarlessalvador.es\/wp-content\/uploads\/2026\/04\/TALLER_COMUNICACIO_NO_VIOLENTA-572x1024.jpeg\" alt=\"\" class=\"wp-image-6444\" style=\"width:819px;height:auto\" srcset=\"https:\/\/www.iescarlessalvador.es\/wp-content\/uploads\/2026\/04\/TALLER_COMUNICACIO_NO_VIOLENTA-572x1024.jpeg 572w, https:\/\/www.iescarlessalvador.es\/wp-content\/uploads\/2026\/04\/TALLER_COMUNICACIO_NO_VIOLENTA-167x300.jpeg 167w, https:\/\/www.iescarlessalvador.es\/wp-content\/uploads\/2026\/04\/TALLER_COMUNICACIO_NO_VIOLENTA-768x1376.jpeg 768w, https:\/\/www.iescarlessalvador.es\/wp-content\/uploads\/2026\/04\/TALLER_COMUNICACIO_NO_VIOLENTA-857x1536.jpeg 857w, https:\/\/www.iescarlessalvador.es\/wp-content\/uploads\/2026\/04\/TALLER_COMUNICACIO_NO_VIOLENTA.jpeg 893w\" sizes=\"(max-width: 572px) 100vw, 572px\" \/><\/figure>\n\n\n\n<p><\/p>\n","protected":false},"excerpt":{"rendered":"<p>Aquesta propera setmana iniciem el taller de Comunicaci\u00f3 no violenta per a adolescents. S&#8217;impartir\u00e0 al IES Carles Salvador d&#8217;Aldaia a l&#8217;alumnat de 3r d&#8217;ESO i est\u00e0 organitzat i subvencionat per l&#8217;AMPA del centre.<\/p>\n","protected":false},"author":1,"featured_media":6444,"comment_status":"closed","ping_status":"closed","sticky":false,"template":"","format":"standard","meta":{"rop_custom_images_group":[],"rop_custom_messages_group":[],"rop_publish_now":"yes","rop_publish_now_accounts":[],"rop_publish_now_history":[],"rop_publish_now_status":"pending","neve_meta_sidebar":"","neve_meta_container":"","neve_meta_enable_content_width":"","neve_meta_content_width":0,"neve_meta_title_alignment":"","neve_meta_author_avatar":"","neve_post_elements_order":"","neve_meta_disable_header":"","neve_meta_disable_footer":"","neve_meta_disable_title":"","footnotes":""},"categories":[238],"tags":[],"class_list":["post-6443","post","type-post","status-publish","format-standard","has-post-thumbnail","hentry","category-noticies-ca"],"_links":{"self":[{"href":"https:\/\/www.iescarlessalvador.es\/index.php?rest_route=\/wp\/v2\/posts\/6443","targetHints":{"allow":["GET"]}}],"collection":[{"href":"https:\/\/www.iescarlessalvador.es\/index.php?rest_route=\/wp\/v2\/posts"}],"about":[{"href":"https:\/\/www.iescarlessalvador.es\/index.php?rest_route=\/wp\/v2\/types\/post"}],"author":[{"embeddable":true,"href":"https:\/\/www.iescarlessalvador.es\/index.php?rest_route=\/wp\/v2\/users\/1"}],"replies":[{"embeddable":true,"href":"https:\/\/www.iescarlessalvador.es\/index.php?rest_route=%2Fwp%2Fv2%2Fcomments&post=6443"}],"version-history":[{"count":1,"href":"https:\/\/www.iescarlessalvador.es\/index.php?rest_route=\/wp\/v2\/posts\/6443\/revisions"}],"predecessor-version":[{"id":6445,"href":"https:\/\/www.iescarlessalvador.es\/index.php?rest_route=\/wp\/v2\/posts\/6443\/revisions\/6445"}],"wp:featuredmedia":[{"embeddable":true,"href":"https:\/\/www.iescarlessalvador.es\/index.php?rest_route=\/wp\/v2\/media\/6444"}],"wp:attachment":[{"href":"https:\/\/www.iescarlessalvador.es\/index.php?rest_route=%2Fwp%2Fv2%2Fmedia&parent=6443"}],"wp:term":[{"taxonomy":"category","embeddable":true,"href":"https:\/\/www.iescarlessalvador.es\/index.php?rest_route=%2Fwp%2Fv2%2Fcategories&post=6443"},{"taxonomy":"post_tag","embeddable":true,"href":"https:\/\/www.iescarlessalvador.es\/index.php?rest_route=%2Fwp%2Fv2%2Ftags&post=6443"}],"curies":[{"name":"wp","href":"https:\/\/api.w.org\/{rel}","templated":true}]}}