{"id":6455,"date":"2026-04-24T05:23:41","date_gmt":"2026-04-24T05:23:41","guid":{"rendered":"https:\/\/www.iescarlessalvador.es\/?p=6455"},"modified":"2026-04-24T05:24:07","modified_gmt":"2026-04-24T05:24:07","slug":"viaje-de-4o-de-eso-a-paris","status":"publish","type":"post","link":"https:\/\/www.iescarlessalvador.es\/?p=6455&lang=es","title":{"rendered":"Viaje de 4\u00ba de ESO a Paris"},"content":{"rendered":"\n<p>El alumnado de 4\u00ba de ESO ha participado en el viaje de fin de curso. Este a\u00f1o han visitado Par\u00eds para disfrutar de la oferta cultural y l\u00fadica que ofrece esta capital europea.<\/p>\n\n\n\n<p>Estas im\u00e1genes son una muestra de lo que han hecho.<\/p>\n\n\n\n<figure class=\"wp-block-gallery has-nested-images columns-default is-cropped wp-block-gallery-1 is-layout-flex wp-block-gallery-is-layout-flex\">\n<figure class=\"wp-block-image size-large\"><img fetchpriority=\"high\" decoding=\"async\" width=\"1024\" height=\"768\" data-id=\"6452\" src=\"https:\/\/www.iescarlessalvador.es\/wp-content\/uploads\/2026\/04\/WhatsApp-Image-2026-04-20-at-13.22.11-1024x768.jpeg\" alt=\"\" class=\"wp-image-6452\" srcset=\"https:\/\/www.iescarlessalvador.es\/wp-content\/uploads\/2026\/04\/WhatsApp-Image-2026-04-20-at-13.22.11-1024x768.jpeg 1024w, https:\/\/www.iescarlessalvador.es\/wp-content\/uploads\/2026\/04\/WhatsApp-Image-2026-04-20-at-13.22.11-300x225.jpeg 300w, https:\/\/www.iescarlessalvador.es\/wp-content\/uploads\/2026\/04\/WhatsApp-Image-2026-04-20-at-13.22.11-768x576.jpeg 768w, https:\/\/www.iescarlessalvador.es\/wp-content\/uploads\/2026\/04\/WhatsApp-Image-2026-04-20-at-13.22.11-1536x1152.jpeg 1536w, https:\/\/www.iescarlessalvador.es\/wp-content\/uploads\/2026\/04\/WhatsApp-Image-2026-04-20-at-13.22.11.jpeg 2048w\" sizes=\"(max-width: 1024px) 100vw, 1024px\" \/><\/figure>\n\n\n\n<figure class=\"wp-block-image size-large\"><img decoding=\"async\" width=\"1024\" height=\"768\" data-id=\"6451\" src=\"https:\/\/www.iescarlessalvador.es\/wp-content\/uploads\/2026\/04\/WhatsApp-Image-2026-04-20-at-13.22.32-1024x768.jpeg\" alt=\"\" class=\"wp-image-6451\" srcset=\"https:\/\/www.iescarlessalvador.es\/wp-content\/uploads\/2026\/04\/WhatsApp-Image-2026-04-20-at-13.22.32-1024x768.jpeg 1024w, https:\/\/www.iescarlessalvador.es\/wp-content\/uploads\/2026\/04\/WhatsApp-Image-2026-04-20-at-13.22.32-300x225.jpeg 300w, https:\/\/www.iescarlessalvador.es\/wp-content\/uploads\/2026\/04\/WhatsApp-Image-2026-04-20-at-13.22.32-768x576.jpeg 768w, https:\/\/www.iescarlessalvador.es\/wp-content\/uploads\/2026\/04\/WhatsApp-Image-2026-04-20-at-13.22.32-1536x1152.jpeg 1536w, https:\/\/www.iescarlessalvador.es\/wp-content\/uploads\/2026\/04\/WhatsApp-Image-2026-04-20-at-13.22.32.jpeg 1600w\" sizes=\"(max-width: 1024px) 100vw, 1024px\" \/><\/figure>\n<\/figure>\n\n\n\n<p>Y esto un v\u00eddeo resumen de la actividad<\/p>\n\n\n\n<figure class=\"wp-block-video\"><video controls src=\"https:\/\/www.iescarlessalvador.es\/wp-content\/uploads\/2026\/04\/WhatsApp-Video-2026-04-22-at-18.14.20.mp4\"><\/video><\/figure>\n","protected":false},"excerpt":{"rendered":"<p>El alumnado de 4\u00ba de ESO ha participado en el viaje de fin de curso. Este a\u00f1o han visitado Par\u00eds para disfrutar de la oferta cultural y l\u00fadica que ofrece esta capital europea. Estas im\u00e1genes son una muestra de lo que han hecho. Y esto un v\u00eddeo resumen de la actividad<\/p>\n","protected":false},"author":1,"featured_media":6452,"comment_status":"closed","ping_status":"closed","sticky":false,"template":"","format":"standard","meta":{"rop_custom_images_group":[],"rop_custom_messages_group":[],"rop_publish_now":"yes","rop_publish_now_accounts":[],"rop_publish_now_history":[],"rop_publish_now_status":"pending","neve_meta_sidebar":"","neve_meta_container":"","neve_meta_enable_content_width":"","neve_meta_content_width":0,"neve_meta_title_alignment":"","neve_meta_author_avatar":"","neve_post_elements_order":"","neve_meta_disable_header":"","neve_meta_disable_footer":"","neve_meta_disable_title":"","footnotes":""},"categories":[34],"tags":[],"class_list":["post-6455","post","type-post","status-publish","format-standard","has-post-thumbnail","hentry","category-noticias"],"_links":{"self":[{"href":"https:\/\/www.iescarlessalvador.es\/index.php?rest_route=\/wp\/v2\/posts\/6455","targetHints":{"allow":["GET"]}}],"collection":[{"href":"https:\/\/www.iescarlessalvador.es\/index.php?rest_route=\/wp\/v2\/posts"}],"about":[{"href":"https:\/\/www.iescarlessalvador.es\/index.php?rest_route=\/wp\/v2\/types\/post"}],"author":[{"embeddable":true,"href":"https:\/\/www.iescarlessalvador.es\/index.php?rest_route=\/wp\/v2\/users\/1"}],"replies":[{"embeddable":true,"href":"https:\/\/www.iescarlessalvador.es\/index.php?rest_route=%2Fwp%2Fv2%2Fcomments&post=6455"}],"version-history":[{"count":1,"href":"https:\/\/www.iescarlessalvador.es\/index.php?rest_route=\/wp\/v2\/posts\/6455\/revisions"}],"predecessor-version":[{"id":6456,"href":"https:\/\/www.iescarlessalvador.es\/index.php?rest_route=\/wp\/v2\/posts\/6455\/revisions\/6456"}],"wp:featuredmedia":[{"embeddable":true,"href":"https:\/\/www.iescarlessalvador.es\/index.php?rest_route=\/wp\/v2\/media\/6452"}],"wp:attachment":[{"href":"https:\/\/www.iescarlessalvador.es\/index.php?rest_route=%2Fwp%2Fv2%2Fmedia&parent=6455"}],"wp:term":[{"taxonomy":"category","embeddable":true,"href":"https:\/\/www.iescarlessalvador.es\/index.php?rest_route=%2Fwp%2Fv2%2Fcategories&post=6455"},{"taxonomy":"post_tag","embeddable":true,"href":"https:\/\/www.iescarlessalvador.es\/index.php?rest_route=%2Fwp%2Fv2%2Ftags&post=6455"}],"curies":[{"name":"wp","href":"https:\/\/api.w.org\/{rel}","templated":true}]}}