{"id":728,"date":"2020-06-09T06:27:01","date_gmt":"2020-06-09T06:27:01","guid":{"rendered":"http:\/\/www.iescarlessalvador.es\/?p=728"},"modified":"2020-07-15T21:38:09","modified_gmt":"2020-07-15T21:38:09","slug":"reunion-informativa-curso-2020-21","status":"publish","type":"post","link":"https:\/\/www.iescarlessalvador.es\/?p=728&lang=es","title":{"rendered":"Reuni\u00f3n informativa curso 2020\/21"},"content":{"rendered":"\n<p>El pr\u00f3ximo d\u00eda 16 de junio de 2020, a las 18:00 horas, realizaremos una sesi\u00f3n informativa sobre el nuevo curso escolar 2020-21 por videoconferencia, en ella explicaremos nuestra oferta educativa y el procedimiento para realizar la matr\u00edcula del alumnado.<\/p>\n\n\n\n<p>Para ello, deben unirse a esta videoconferencia por MEET: <a href=\"http:\/\/meet.google.com\/gdv-kbkc-wqi\" target=\"_blank\" rel=\"noreferrer noopener\">http:\/\/meet.google.com\/gdv-kbkc-wqi<\/a><\/p>\n","protected":false},"excerpt":{"rendered":"<p>El pr\u00f3ximo d\u00eda 16 de junio de 2020, a las 18:00 horas, realizaremos una sesi\u00f3n informativa sobre el nuevo curso escolar 2020-21 por videoconferencia, en ella explicaremos nuestra oferta educativa y el procedimiento para realizar la matr\u00edcula del alumnado. Para ello, deben unirse a esta videoconferencia por MEET: http:\/\/meet.google.com\/gdv-kbkc-wqi<\/p>\n","protected":false},"author":1,"featured_media":742,"comment_status":"closed","ping_status":"closed","sticky":false,"template":"","format":"standard","meta":{"rop_custom_images_group":[],"rop_custom_messages_group":[],"rop_publish_now":"initial","rop_publish_now_accounts":[],"rop_publish_now_history":[],"rop_publish_now_status":"pending","neve_meta_sidebar":"","neve_meta_container":"","neve_meta_enable_content_width":"off","neve_meta_content_width":0,"neve_meta_title_alignment":"","neve_meta_author_avatar":"","neve_post_elements_order":"","neve_meta_disable_header":"","neve_meta_disable_footer":"","neve_meta_disable_title":"","footnotes":""},"categories":[34],"tags":[],"class_list":["post-728","post","type-post","status-publish","format-standard","has-post-thumbnail","hentry","category-noticias"],"_links":{"self":[{"href":"https:\/\/www.iescarlessalvador.es\/index.php?rest_route=\/wp\/v2\/posts\/728","targetHints":{"allow":["GET"]}}],"collection":[{"href":"https:\/\/www.iescarlessalvador.es\/index.php?rest_route=\/wp\/v2\/posts"}],"about":[{"href":"https:\/\/www.iescarlessalvador.es\/index.php?rest_route=\/wp\/v2\/types\/post"}],"author":[{"embeddable":true,"href":"https:\/\/www.iescarlessalvador.es\/index.php?rest_route=\/wp\/v2\/users\/1"}],"replies":[{"embeddable":true,"href":"https:\/\/www.iescarlessalvador.es\/index.php?rest_route=%2Fwp%2Fv2%2Fcomments&post=728"}],"version-history":[{"count":3,"href":"https:\/\/www.iescarlessalvador.es\/index.php?rest_route=\/wp\/v2\/posts\/728\/revisions"}],"predecessor-version":[{"id":731,"href":"https:\/\/www.iescarlessalvador.es\/index.php?rest_route=\/wp\/v2\/posts\/728\/revisions\/731"}],"wp:featuredmedia":[{"embeddable":true,"href":"https:\/\/www.iescarlessalvador.es\/index.php?rest_route=\/wp\/v2\/media\/742"}],"wp:attachment":[{"href":"https:\/\/www.iescarlessalvador.es\/index.php?rest_route=%2Fwp%2Fv2%2Fmedia&parent=728"}],"wp:term":[{"taxonomy":"category","embeddable":true,"href":"https:\/\/www.iescarlessalvador.es\/index.php?rest_route=%2Fwp%2Fv2%2Fcategories&post=728"},{"taxonomy":"post_tag","embeddable":true,"href":"https:\/\/www.iescarlessalvador.es\/index.php?rest_route=%2Fwp%2Fv2%2Ftags&post=728"}],"curies":[{"name":"wp","href":"https:\/\/api.w.org\/{rel}","templated":true}]}}