{"id":740,"date":"2020-06-09T06:25:35","date_gmt":"2020-06-09T06:25:35","guid":{"rendered":"http:\/\/www.iescarlessalvador.es\/?p=740"},"modified":"2020-06-09T06:41:22","modified_gmt":"2020-06-09T06:41:22","slug":"reunio-informativa-curs-2020-21","status":"publish","type":"post","link":"https:\/\/www.iescarlessalvador.es\/?p=740","title":{"rendered":"Reuni\u00f3 informativa curs 2020\/21"},"content":{"rendered":"\n<p>El proper dia 16 de juny de 2020, a les 18:00 hores, realitzarem una sessi\u00f3 informativa sobre el nou curs escolar 2020-21 per videoconfer\u00e8ncia, en ella explicarem la nostra oferta educativa i el procediment per realitzar la matr\u00edcula de l&#8217;alumnat.<\/p>\n\n\n\n<p>Per participar, cal unir-se a aquesta videoconfer\u00e8ncia per MEET: <a rel=\"noreferrer noopener\" href=\"http:\/\/meet.google.com\/gdv-kbkc-wqi\" target=\"_blank\">http:\/\/meet.google.com\/gdv-kbkc-wqi<\/a><\/p>\n","protected":false},"excerpt":{"rendered":"<p>El proper dia 16 de juny de 2020, a les 18:00 hores, realitzarem una sessi\u00f3 informativa sobre el nou curs escolar 2020-21 per videoconfer\u00e8ncia, en ella explicarem la nostra oferta educativa i el procediment per realitzar la matr\u00edcula de l&#8217;alumnat. Per participar, cal unir-se a aquesta videoconfer\u00e8ncia per MEET: http:\/\/meet.google.com\/gdv-kbkc-wqi<\/p>\n","protected":false},"author":1,"featured_media":744,"comment_status":"open","ping_status":"open","sticky":false,"template":"","format":"standard","meta":{"rop_custom_images_group":[],"rop_custom_messages_group":[],"rop_publish_now":"initial","rop_publish_now_accounts":[],"rop_publish_now_history":[],"rop_publish_now_status":"pending","neve_meta_sidebar":"","neve_meta_container":"","neve_meta_enable_content_width":"off","neve_meta_content_width":0,"neve_meta_title_alignment":"","neve_meta_author_avatar":"","neve_post_elements_order":"","neve_meta_disable_header":"","neve_meta_disable_footer":"","neve_meta_disable_title":"","footnotes":""},"categories":[13],"tags":[],"class_list":["post-740","post","type-post","status-publish","format-standard","has-post-thumbnail","hentry","category-sin-categoria-ca"],"_links":{"self":[{"href":"https:\/\/www.iescarlessalvador.es\/index.php?rest_route=\/wp\/v2\/posts\/740","targetHints":{"allow":["GET"]}}],"collection":[{"href":"https:\/\/www.iescarlessalvador.es\/index.php?rest_route=\/wp\/v2\/posts"}],"about":[{"href":"https:\/\/www.iescarlessalvador.es\/index.php?rest_route=\/wp\/v2\/types\/post"}],"author":[{"embeddable":true,"href":"https:\/\/www.iescarlessalvador.es\/index.php?rest_route=\/wp\/v2\/users\/1"}],"replies":[{"embeddable":true,"href":"https:\/\/www.iescarlessalvador.es\/index.php?rest_route=%2Fwp%2Fv2%2Fcomments&post=740"}],"version-history":[{"count":1,"href":"https:\/\/www.iescarlessalvador.es\/index.php?rest_route=\/wp\/v2\/posts\/740\/revisions"}],"predecessor-version":[{"id":741,"href":"https:\/\/www.iescarlessalvador.es\/index.php?rest_route=\/wp\/v2\/posts\/740\/revisions\/741"}],"wp:featuredmedia":[{"embeddable":true,"href":"https:\/\/www.iescarlessalvador.es\/index.php?rest_route=\/wp\/v2\/media\/744"}],"wp:attachment":[{"href":"https:\/\/www.iescarlessalvador.es\/index.php?rest_route=%2Fwp%2Fv2%2Fmedia&parent=740"}],"wp:term":[{"taxonomy":"category","embeddable":true,"href":"https:\/\/www.iescarlessalvador.es\/index.php?rest_route=%2Fwp%2Fv2%2Fcategories&post=740"},{"taxonomy":"post_tag","embeddable":true,"href":"https:\/\/www.iescarlessalvador.es\/index.php?rest_route=%2Fwp%2Fv2%2Ftags&post=740"}],"curies":[{"name":"wp","href":"https:\/\/api.w.org\/{rel}","templated":true}]}}