{"id":746,"date":"2020-06-09T06:48:14","date_gmt":"2020-06-09T06:48:14","guid":{"rendered":"http:\/\/www.iescarlessalvador.es\/?p=746"},"modified":"2022-04-19T14:14:10","modified_gmt":"2022-04-19T14:14:10","slug":"admision-fp-basica","status":"publish","type":"post","link":"https:\/\/www.iescarlessalvador.es\/?p=746&lang=es","title":{"rendered":"ADMISI\u00d3N FP B\u00c1SICA"},"content":{"rendered":"\t\t<div data-elementor-type=\"wp-post\" data-elementor-id=\"746\" class=\"elementor elementor-746\">\n\t\t\t\t\t\t<section class=\"elementor-section elementor-top-section elementor-element elementor-element-4f2bcb15 elementor-section-boxed elementor-section-height-default elementor-section-height-default\" data-id=\"4f2bcb15\" data-element_type=\"section\" data-e-type=\"section\">\n\t\t\t\t\t\t<div class=\"elementor-container elementor-column-gap-default\">\n\t\t\t\t\t<div class=\"elementor-column elementor-col-100 elementor-top-column elementor-element elementor-element-4f0b9262\" data-id=\"4f0b9262\" data-element_type=\"column\" data-e-type=\"column\">\n\t\t\t<div class=\"elementor-widget-wrap elementor-element-populated\">\n\t\t\t\t\t\t<div class=\"elementor-element elementor-element-10657981 elementor-widget elementor-widget-text-editor\" data-id=\"10657981\" data-element_type=\"widget\" data-e-type=\"widget\" data-widget_type=\"text-editor.default\">\n\t\t\t\t<div class=\"elementor-widget-container\">\n\t\t\t\t\t\t\t\t\t<p><\/p>\n<p style=\"text-align: center;\"><strong><u>PROCESO \u00daNICO DE ADMISI\u00d3N FP B\u00c1SICA CURSO 2020-2021<\/u><\/strong><\/p>\n<p><\/p>\n<p><\/p>\n<p><strong>PLAZO DE PRESENTACI\u00d3N DE SOLICITUDES E INSTRUCCIONES DEL PROCESO.<\/strong><\/p>\n<p><\/p>\n<p><\/p>\n<p><strong><u>DEL 17 AL 25 DE JUNIO DE 2020<\/u><\/strong><\/p>\n<p><\/p>\n<p><\/p>\n<p><strong><u>IMPORTANTE<\/u><\/strong><strong>: Seg\u00fan Resoluci\u00f3n de 1 de Junio de 2020 de la Conselleria de Educaci\u00f3n, Cultura y Deporte por el que se dictan instrucciones del procedimiento.<\/strong><\/p>\n<p><\/p>\n<p><\/p>\n<p><strong>-PARTICIPACI\u00d3N PROCESO: <\/strong>exclusivamente <strong>telem\u00e1tico<\/strong> en los plazos que se han establecido en el calendario de admisi\u00f3n, arriba indicados.<\/p>\n<p><\/p>\n<p><\/p>\n<p><strong>&#8211;<\/strong>A trav\u00e9s de la<strong> APLICACI\u00d3N INFORM\u00c1TICA de la Conselleria de Educaci\u00f3n, Cultura y Deporte,\u00a0 <\/strong>para grabar la solicitud por medio de un asistente telem\u00e1tico. Los pasos a seguir son los siguientes:<\/p>\n<p><\/p>\n<p><\/p>\n<p><strong>Entrar en la p\u00e1gina web:<\/strong><\/p>\n<p><\/p>\n<p><\/p>\n<figure class=\"wp-block-embed-wordpress wp-block-embed is-type-wp-embed is-provider-matricula-telematica\">\n<div class=\"wp-block-embed__wrapper\"><a href=\"http:\/\/portal.edu.gva.es\/telematricula\/es\/inicio\/\" target=\"_blank\" rel=\"noopener\">https:\/\/portal.edu.gva.es\/telematricula\/es\/inicio\/<\/a><\/div>\n<\/figure>\n<p><\/p>\n<p><\/p>\n<p><strong>&#8211; Necesario obtener la \u201cCLAVE DE ADMISI\u00d3N\u201d <\/strong>que es \u00fanica para cada solicitud, y deber\u00e1 conservarla para presentar reclamaciones, si fuera necesario.<\/p>\n<p><\/p>\n<p><\/p>\n<p>&#8211;<strong>Rellenar la solicitud, el padre\/madre \/tutor\/a legal<\/strong> del alumno\/a si es menor de edad.<\/p>\n<p><\/p>\n<p><\/p>\n<p><strong>-\u00bfC\u00d3MO SE OBTIENE LA\u00a0 CLAVE DE ADMISI\u00d3N?<\/strong><\/p>\n<p><\/p>\n<p><\/p>\n<p>\u00a0Si el solicitante dispone de :<\/p>\n<p><\/p>\n<p><\/p>\n<p><strong>1) DNI:<\/strong><\/p>\n<p><\/p>\n<p><\/p>\n<p>-N\u00ba DNI<\/p>\n<p><\/p>\n<p><\/p>\n<p>-N\u00ba de soporte (IDESP en los modelos antiguos)<\/p>\n<p><\/p>\n<p><\/p>\n<p>-Fecha de nacimiento<\/p>\n<p><\/p>\n<p><\/p>\n<p>-Marcar casilla que indica su no oposici\u00f3n a la comprobaci\u00f3n ante el Ministerio del Interior.<\/p>\n<p><\/p>\n<p><\/p>\n<p><strong>2) NIE, tarjeta extranjero o permiso de residencia:<\/strong><\/p>\n<p><\/p>\n<p><\/p>\n<p><b>&#8211;<\/b>N\u00ba NIE<\/p>\n<p><\/p>\n<p><\/p>\n<p>-N\u00ba de soporte (IXESP en los modelos antiguos)<\/p>\n<p><\/p>\n<p><\/p>\n<p>-Fecha de nacimiento<\/p>\n<p><\/p>\n<p><\/p>\n<p>-Marcar casilla que indica su no oposici\u00f3n a la comprobaci\u00f3n ante el Ministerio del Interior.<\/p>\n<p><\/p>\n<p><\/p>\n<p><strong>3) Certificado de registro ciudadano de la Uni\u00f3n Europea:<\/strong><\/p>\n<p><\/p>\n<p><\/p>\n<p><strong>\u00a0<\/strong>-N\u00ba NIE<\/p>\n<p><\/p>\n<p><\/p>\n<p>-N\u00ba del certificado precedido por la letra C<\/p>\n<p><\/p>\n<p><\/p>\n<p>-Fecha de nacimiento<\/p>\n<p><\/p>\n<p><\/p>\n<p>-Marcar casilla que indica su no oposici\u00f3n a la comprobaci\u00f3n ante el Ministerio del Interior.<\/p>\n<p><\/p>\n<p><\/p>\n<p><strong>4) Cualquier otro medio electr\u00f3nico de verificaci\u00f3n de identidad seg\u00fan art 5.6 Decreto Ley 2\/2020 de 3 de abril:<\/strong><\/p>\n<p><\/p>\n<p><\/p>\n<p><strong>\u00a0<\/strong>-Certificado digital emitido por la AACCV (Agencia de Tecnolog\u00eda y Certificaci\u00f3n Electr\u00f3nica Digital)<\/p>\n<p><\/p>\n<p><\/p>\n<p>\u00a0-Sistema de identidad electr\u00f3nica Cl@ve.<\/p>\n<p><\/p>\n<p><\/p>\n<p>\u00a0-eDNI con su respectivo lector<\/p>\n<p><\/p>\n<p><\/p>\n<p><strong>5) Solicitante con <u>Pasaporte <\/u>o solicitante que <u>carezca de la posibilidad de acceso a medios electr\u00f3nicos<\/u> , <\/strong>deber\u00e1n llamar al tel\u00e9fono de nuestro centro\u00a0 96 120 59 90, se le atender\u00e1 telef\u00f3nicamente y si es imposible realizar la gesti\u00f3n por este medio, se le dar\u00e1 cita previa para que acuda presencialmente el d\u00eda y hora indicados para realizar la gesti\u00f3n, siempre que las condiciones sanitarias lo permitan y con todas las medidas sanitarias y de seguridad, necesarias frente a la Covid-19.<\/p>\n<p><\/p>\n<p><\/p>\n<p><strong>Una vez obtenida la clave de admisi\u00f3n, se proceder\u00e1 a rellenar el MODELO DE LA SOLICITUD:<\/strong><\/p>\n<p><\/p>\n<p><\/p>\n<p>a) Identificaci\u00f3n del\/ la\u00a0 solicitante<\/p>\n<p><\/p>\n<p><\/p>\n<p>b) Identificaci\u00f3n alumno\/a para el que solicita la plaza<\/p>\n<p><\/p>\n<p><\/p>\n<p>c) No convivencia de los progenitores por separaci\u00f3n, divorcio, nulidad, ruptura parejas de hecho o situaci\u00f3n an\u00e1loga, limitaci\u00f3n de lapatria potestad por alguno de ellos.<strong> MARCAR LA CASILLA\/S HABILITADAS AL EFECTO. <em>(<\/em><\/strong><em>En el momento de formalizar la matricula se deber\u00e1 de aportar la firma y consignar los datos de los dos padres)<\/em><\/p>\n<p><\/p>\n<p><\/p>\n<p>d)<strong> Circunstancias alegadas por la persona solicitante <\/strong>para el proceso de admisi\u00f3n.<\/p>\n<p><\/p>\n<p><\/p>\n<p>e)<strong> Nivel educativo solicitado.<\/strong><\/p>\n<p><\/p>\n<p><\/p>\n<p>f)<strong> Declaraci\u00f3n Responsable, de que las circunstancias alegadas se ajustan a la realidad (<\/strong>sustituye a la aportaci\u00f3n de la documentaci\u00f3n acreditativa en el\u00a0 momento de la solicitud, sin perjuicio de su posterior acreditaci\u00f3n y comprobaci\u00f3n. La falsedad de los datos declarados o no suficiente acreditaci\u00f3n dar\u00e1 lugar a la nulidad de la solicitud, escolariz\u00e1ndose al alumno\/a en los centros que queden puestos vacantes, finalizado el proceso de admisi\u00f3n.)<\/p>\n<p><\/p>\n<p><\/p>\n<p>g)<strong> CENTROS SOLICITADOS: <\/strong>Hasta un m\u00e1ximo de\u00a0 5, ordenados\u00a0 seg\u00fan preferencia.<\/p>\n<p><\/p>\n<p><\/p>\n<p>h)<strong> CORREO ELECTR\u00d3NICO, importante <\/strong>donde recibir\u00e1 la informaci\u00f3n \u00a0necesaria para consultar el resultado del proceso de admisi\u00f3n<\/p>\n<p><\/p>\n<p><\/p>\n<p>*Los participantes en el proceso podr\u00e1n consultar el resultado del mismo de forma telem\u00e1tica, <strong>\u00a0<\/strong><a href=\"https:\/\/portal.edu.gva.es\/telematricula\/es\/inicio\/\"><strong>https:\/\/portal.edu.gva.es\/telematricula\/es\/inicio\/<\/strong><\/a><strong>. <\/strong>Los datos para poder acceder ser\u00e1n los recibidos en el correo electr\u00f3nico.<\/p>\n<p><\/p>\n<p><\/p>\n<p><strong>*S\u00d3LO PODR\u00c1 PRESENTARSE ELECTR\u00d3NICAMENTE UNA \u00daNICA SOLICITUD PARA ALUMNO\/A ASOCIADA A LA CLAVE DE ADMISI\u00d3N. (<\/strong>Podr\u00e1 ser rellenada en m\u00e1s de una ocasi\u00f3n durante el periodo que est\u00e9 operativa la aplicaci\u00f3n, y s\u00e9 tendr\u00e1 en cuenta solo, la \u00faltima solicitud presentada electr\u00f3nicamente<strong>.)<\/strong><\/p>\n<p><\/p>\n<p><\/p>\n<p><strong><u>APORTACI\u00d3N REQUISITO ACAD\u00c9MICO\/CONSEJO ORIENTADOR<\/u><\/strong><\/p>\n<p><\/p>\n<p><\/p>\n<p><strong><u>Plazo: Hasta el 3 de Julio<\/u><\/strong><\/p>\n<p><\/p>\n<p><\/p>\n<p>\u00a0(presencialmente en el centro de primera opci\u00f3n)<\/p>\n<p><\/p>\n<p><\/p>\n<p>\u00a0<\/p>\n<figure class=\"wp-block-table\"><\/figure>\n<p><\/p>\n<p><\/p>\n<p><strong>CALENDARIO DE ADMISI\u00d3N\u00a0<\/strong><strong>ALUMNADO DE FP B\u00c1SICA<\/strong><\/p>\n<p><\/p>\n<p><\/p>\n<p><strong>CURSO 2020-2021<\/strong><\/p>\n<p><\/p>\n<p><\/p>\n<p><strong>Proceso \u00danico<\/strong><\/p>\n<p><\/p>\n<p><\/p>\n<figure class=\"wp-block-table\">\n<table>\n<tbody>\n<tr>\n<td>1.- PRESENTACI\u00d3N DE SOLICITUDES<\/td>\n<td>\u00a0<\/td>\n<td>Del 17 \u00a0al 25 de junio \u00a0<\/td>\n<\/tr>\n<tr>\n<td>2.-PRESENTACI\u00d3N CERTIFICACI\u00d3N CONSEJO ORIENTADOR\/REQUISITO ACAD\u00c9MICO<\/td>\n<td>\u00a0<\/td>\n<td>Hasta\u00a0 el 3 de julio<\/td>\n<\/tr>\n<tr>\n<td>\u00a0 3.- ELABORACI\u00d3N DE LAS LISTAS PROVISIONALES Y PUBLICACI\u00d3N<\/td>\n<td>\u00a0 \u00a0<\/td>\n<td>13 de julio<\/td>\n<\/tr>\n<tr>\n<td>4.- RECLAMACIONES (TELEM\u00c1TICAS) FRENTE A\u00a0 LA DIRECCI\u00d3N DEL CENTRE.<\/td>\n<td>\u00a0<\/td>\n<td>Del 13 al 15 \u00a0de julio<\/td>\n<\/tr>\n<tr>\n<td>5.- PUBLICACI\u00d3N DE LES LISTAS DEFINITIVAS DEL ALUMNADO ADMITIDO<\/td>\n<td>\u00a0<\/td>\n<td>21 de julio<\/td>\n<\/tr>\n<tr>\n<td>6.- PRESENTACI\u00d3N DE ALEGACIONES (DE FORMA TELEM\u00c0TICA) FRENTE A LA COMISI\u00d3N SECTORIAL<\/td>\n<td>\u00a0<\/td>\n<td>Del 21 al 23 de julio<\/td>\n<\/tr>\n<tr>\n<td>7- MATRICULA<\/td>\n<td>\u00a0<\/td>\n<td>Del 22 al 28 de julio<\/td>\n<\/tr>\n<\/tbody>\n<\/table>\n<\/figure>\n<p><\/p>\t\t\t\t\t\t\t\t<\/div>\n\t\t\t\t<\/div>\n\t\t\t\t\t<\/div>\n\t\t<\/div>\n\t\t\t\t\t<\/div>\n\t\t<\/section>\n\t\t\t\t<\/div>\n\t\t","protected":false},"excerpt":{"rendered":"<p>PROCESO \u00daNICO DE ADMISI\u00d3N FP B\u00c1SICA CURSO 2020-2021 PLAZO DE PRESENTACI\u00d3N DE SOLICITUDES E INSTRUCCIONES DEL PROCESO. DEL 17 AL 25 DE JUNIO DE 2020 IMPORTANTE: Seg\u00fan Resoluci\u00f3n de 1 de Junio de 2020 de la Conselleria de Educaci\u00f3n, Cultura y Deporte por el que se dictan instrucciones del procedimiento. -PARTICIPACI\u00d3N PROCESO: exclusivamente telem\u00e1tico en&hellip;&nbsp;<a href=\"https:\/\/www.iescarlessalvador.es\/?p=746&#038;lang=es\" class=\"\" rel=\"bookmark\">Leer m\u00e1s &raquo;<span class=\"screen-reader-text\">ADMISI\u00d3N FP B\u00c1SICA<\/span><\/a><\/p>\n","protected":false},"author":1,"featured_media":0,"comment_status":"open","ping_status":"open","sticky":false,"template":"","format":"standard","meta":{"rop_custom_images_group":[],"rop_custom_messages_group":[],"rop_publish_now":"initial","rop_publish_now_accounts":[],"rop_publish_now_history":[],"rop_publish_now_status":"pending","neve_meta_sidebar":"","neve_meta_container":"","neve_meta_enable_content_width":"off","neve_meta_content_width":0,"neve_meta_title_alignment":"","neve_meta_author_avatar":"","neve_post_elements_order":"","neve_meta_disable_header":"","neve_meta_disable_footer":"","neve_meta_disable_title":"","footnotes":""},"categories":[34],"tags":[],"class_list":["post-746","post","type-post","status-publish","format-standard","hentry","category-noticias"],"_links":{"self":[{"href":"https:\/\/www.iescarlessalvador.es\/index.php?rest_route=\/wp\/v2\/posts\/746","targetHints":{"allow":["GET"]}}],"collection":[{"href":"https:\/\/www.iescarlessalvador.es\/index.php?rest_route=\/wp\/v2\/posts"}],"about":[{"href":"https:\/\/www.iescarlessalvador.es\/index.php?rest_route=\/wp\/v2\/types\/post"}],"author":[{"embeddable":true,"href":"https:\/\/www.iescarlessalvador.es\/index.php?rest_route=\/wp\/v2\/users\/1"}],"replies":[{"embeddable":true,"href":"https:\/\/www.iescarlessalvador.es\/index.php?rest_route=%2Fwp%2Fv2%2Fcomments&post=746"}],"version-history":[{"count":7,"href":"https:\/\/www.iescarlessalvador.es\/index.php?rest_route=\/wp\/v2\/posts\/746\/revisions"}],"predecessor-version":[{"id":2789,"href":"https:\/\/www.iescarlessalvador.es\/index.php?rest_route=\/wp\/v2\/posts\/746\/revisions\/2789"}],"wp:attachment":[{"href":"https:\/\/www.iescarlessalvador.es\/index.php?rest_route=%2Fwp%2Fv2%2Fmedia&parent=746"}],"wp:term":[{"taxonomy":"category","embeddable":true,"href":"https:\/\/www.iescarlessalvador.es\/index.php?rest_route=%2Fwp%2Fv2%2Fcategories&post=746"},{"taxonomy":"post_tag","embeddable":true,"href":"https:\/\/www.iescarlessalvador.es\/index.php?rest_route=%2Fwp%2Fv2%2Ftags&post=746"}],"curies":[{"name":"wp","href":"https:\/\/api.w.org\/{rel}","templated":true}]}}