{"id":753,"date":"2020-06-09T21:03:35","date_gmt":"2020-06-09T21:03:35","guid":{"rendered":"http:\/\/www.iescarlessalvador.es\/?p=753"},"modified":"2020-06-16T06:31:35","modified_gmt":"2020-06-16T06:31:35","slug":"admissio-fp-basica","status":"publish","type":"post","link":"https:\/\/www.iescarlessalvador.es\/?p=753","title":{"rendered":"Admissi\u00f3 FP B\u00e0sica"},"content":{"rendered":"\n<p><strong><u>PROC\u00c9S \u00daNIC D\u2019ADMISSI\u00d3 FP B\u00c0SICA CURS 2020-2021<\/u><\/strong><\/p>\n\n\n\n<p><strong>TERMINI DE PRESENTACI\u00d3 DE SOL\u00b7LICITUD I INSTRUCCIONS DEL PROC\u00c9S.<\/strong><\/p>\n\n\n\n<p><strong><u>DEL 17 AL 25 DE JUNY DE 2020<\/u><\/strong><\/p>\n\n\n\n<p><strong><u>IMPORTANT<\/u><\/strong><strong>: Segons Resoluci\u00f3 de 1 de Juny de 2020 de la Conselleria d\u2019Educaci\u00f3, Cultura i Esport per la qual es dicten instruccions del procediment.<\/strong><\/p>\n\n\n\n<p><strong>-PARTICIPACI\u00d3 PROC\u00c9S: <\/strong>exclusivament <strong>telem\u00e0tic<\/strong> en les terminis que s\u2019han establert en el calendari d\u2019admissi\u00f3, indicats.<\/p>\n\n\n\n<p><strong>&#8211;<\/strong>A trav\u00e9s de l\u2019<strong>APLICACI\u00d3 INFORM\u00c0TICA de la Conselleria d\u2019 Educaci\u00f3, Cultura i Esport,&nbsp; <\/strong>per gravar la sol\u00b7licitud per mig d\u2019un assistent telem\u00e0tic. Els passos a seguir s\u00f3n els seg\u00fcents:<\/p>\n\n\n\n<p><strong>Entrar a la p\u00e0gina web:<\/strong>  <a href=\"https:\/\/portal.edu.gva.es\/telematricula\/\">https:\/\/portal.edu.gva.es\/telematricula\/<\/a><\/p>\n\n\n\n<p><strong>&#8211; Cal obtenir la \u201cCLAU D\u2019ADMISSI\u00d3\u201d <\/strong>que \u00e9s \u00fanica per a cada sol\u00b7licitud, i haur\u00e0 de conservar-la per presentar reclamacions, si fora necessari.<\/p>\n\n\n\n<p>&#8211;<strong>Emplenar la sol\u00b7licitud, el pare\/mare \/tutor\/a legal<\/strong> de l\u2019alumne si \u00e9s menor d\u2019edat.<\/p>\n\n\n\n<p><strong>-COM S\u2019OBT\u00c9 LA&nbsp; CLAU D\u2019ADMISSI\u00d3?<\/strong><\/p>\n\n\n\n<p>&nbsp;Si el sol\u00b7licitante disposa de :<\/p>\n\n\n\n<p><strong>1) DNI:<\/strong><\/p>\n\n\n\n<p><strong> <\/strong>-N\u00ba DNI<\/p>\n\n\n\n<p>-N\u00ba de suposrt (IDESP en els models antics)<\/p>\n\n\n\n<p>-Data de naixement<\/p>\n\n\n\n<p>-Marcar casella que indica la seua no oposici\u00f3n a la comprovaci\u00f3 davant el Ministeri de l\u2019Interior.<\/p>\n\n\n\n<p><strong>2) NIE, tarjeta d\u2019estranger o perm\u00eds de resid\u00e8ncia:<\/strong><\/p>\n\n\n\n<p>-N\u00ba NIE<\/p>\n\n\n\n<p>-N\u00ba de suport (IXESP en els models antics)<\/p>\n\n\n\n<p>-Data de naixement<\/p>\n\n\n\n<p>-Marcar casella que indica la no oposici\u00f3 a la comprovaci\u00f3 davant el Ministeri de l\u2019Interior.<\/p>\n\n\n\n<p><strong>3) Certificat de registre ciutad\u00e0 de la Uni\u00f3 Europea:<\/strong><\/p>\n\n\n\n<p>-N\u00ba NIE<\/p>\n\n\n\n<p>-N\u00ba del certificat precedit per la lletra C<\/p>\n\n\n\n<p>-Data de naixement<\/p>\n\n\n\n<p>-Marcar casella que indica la no oposici\u00f3 a la comprovaci\u00f3 davant el Ministeri de l\u2019Interior.<\/p>\n\n\n\n<p><strong>4) Qualsevol altre mitj\u00e0 electr\u00f2nic de verificaci\u00f3 d\u2019identitat segons art 5.6 Decret Llei 2\/2020 de 3 d\u2019abril:<\/strong><\/p>\n\n\n\n<p>-Certificat digital em\u00e9s per la AACCV (Ag\u00e8ncia de Tecnologia i Certificaci\u00f3 Electr\u00f2nica Digital)<\/p>\n\n\n\n<p>-Sistema d\u2019identitat electr\u00f2nica Cl@ve.<\/p>\n\n\n\n<p>-eDNI amb lector<\/p>\n\n\n\n<p><strong>5) Sol\u00b7licitant amb <u>Passaport <\/u>o sol\u00b7licitant que <u>no disposa de la possibilitat d\u2019acc\u00e9s a mitjans electr\u00f2nics<\/u>, <\/strong>hauran de cridar al tel\u00e8fon del nostre centre 96 120 59 90, se li atendr\u00e0 telef\u00f2nicament i si \u00e9s impossible realitzar la gesti\u00f3 per aquest mitj\u00e0, se li donar\u00e0 cita pr\u00e8via perqu\u00e8 acudisca presencialment el dia i hora indicats per realitzar la gesti\u00f3, sempre que les condicions sanit\u00e0ries ho permeten i amb totes les mesusres sanit\u00e0ries i de seguretat, necess\u00e0ries davant el Covid-19.<\/p>\n\n\n\n<p><strong>Una vegada obtinguda laclau d\u2019admissi\u00f3, se procedir\u00e0 a emplenar el MODEL DE LA SOL\u00b7LICITUD:<\/strong><\/p>\n\n\n\n<p>a) Identificaci\u00f3 del sol\u00b7licitant<\/p>\n\n\n\n<p>b) Identificaci\u00f3 alumnat per al que sol\u00b7licita la pla\u00e7a<\/p>\n\n\n\n<p>c) No conviv\u00e8ncia dels progenitors per separaci\u00f3, divorci, nul\u00b7litat, ruptura parelles de fet o situaci\u00f3 an\u00e0loga, limitaci\u00f3 de lap\u00e0tria potestat per algun d\u2019ells.<strong> MARCAR LA CASELLA\/ES HABILITADES A L\u2019 EFECTE. <em>(<\/em><\/strong><em>En el moment de formalitzar la matricula s\u2019haur\u00e0 d\u2019aportar la signatura i emplenar les dades de pare i mare)<\/em><\/p>\n\n\n\n<p>d)<strong> Circumst\u00e0ncies al\u00b7legades per la persona sol\u00b7licitant <\/strong>per al proc\u00e9s d\u2019admissi\u00f3.<\/p>\n\n\n\n<p>e)<strong> Nivell educatiu sol\u00b7licitat.<\/strong><\/p>\n\n\n\n<p>f)<strong> Declaraci\u00f3 Responsable, de que les circumst\u00e0ncies al\u00b7legades se ajusten a la realitat (<\/strong>sustitueix a l\u2019aportaci\u00f3 de la documentaci\u00f3 acreditativa en el moment de la sol\u00b7licitud, sense perju\u00ed de la posterior acreditaci\u00f3 i comprovaci\u00f3. La falsedat de les dades declarades o no suficient acreditaci\u00f3 donar\u00e0 lloc a la nul\u00b7litat de la sol\u00b7licitud, obtenint l\u2019escolaritzaci\u00f3 l\u2019alumne als centres on queden llocs vacants, finalitzat el proc\u00e9s d\u2019admissi\u00f3)<\/p>\n\n\n\n<p>g)<strong> CENTRES SOL\u00b7LICITATS: <\/strong>fins un m\u00e0xim de 5, ordenats&nbsp; segons prefer\u00e8ncia.<\/p>\n\n\n\n<p>h)<strong> CORREU ELECTR\u00d2NIC, important <\/strong>on rebr\u00e0 la informaci\u00f3 necess\u00e0ria per consultar el resultat del proc\u00e9s d\u2019admissi\u00f3.<\/p>\n\n\n\n<p>*Els participants en el proc\u00e9s podr\u00e1n consultar el resultat del mateix de forma telem\u00e0tica, <strong>&nbsp;<\/strong><a href=\"https:\/\/portal.edu.gva.es\/telematricula\/es\/inicio\/\"><strong>https:\/\/portal.edu.gva.es\/telematricula\/<\/strong><\/a><strong>. <\/strong>Les dades per poder accedir ser\u00e1n els rebuts al correu electr\u00f2nic.<\/p>\n\n\n\n<p><strong>*SOLS PODR\u00c0 PRESENTAR-SE ELECTR\u00d2NICAMENT UNA \u00daNICA SOL\u00b7LICITUD PER ALUMNE ASSOCIAT A LA CLAU D\u2019ADMISSI\u00d3. (<\/strong>Podr\u00e0 ser emplenada en m\u00e9s d\u2019una ocasi\u00f3 durant el per\u00edode que estiga operativa l\u2019aplicaci\u00f3, i nom\u00e9s es tindr\u00e0 en compte la darrera sol\u00b7licitud presentada electr\u00f2nicament<strong>.)<\/strong><\/p>\n\n\n\n<p class=\"has-text-align-center\"><strong><u>APORTACI\u00d3 REQUISIT ACAD\u00c8MIC\/CONSELL ORIENTADOR<\/u><\/strong><\/p>\n\n\n\n<p class=\"has-text-align-center\"><strong><u>Termini: Fins el 3 de Juliol<\/u><\/strong> &nbsp;(presencialment al centre de primera opci\u00f3)<\/p>\n\n\n\n<p class=\"has-text-align-center\"><strong>CALENDARI D\u2019ADMISSI\u00d3<\/strong> <strong>ALUMNAT DE FPB\u00c0SICA<\/strong> <\/p>\n\n\n\n<p class=\"has-text-align-center\"><strong>CURS 2020-2021<\/strong><\/p>\n\n\n\n<p class=\"has-text-align-center\"><strong>Proc\u00e9s \u00danic<\/strong><\/p>\n\n\n\n<figure class=\"wp-block-table\"><table><tbody><tr><td>1.- PRESENTACI\u00d3 DE SOL\u00b7LICITUDS<\/td><td>&nbsp;<\/td><td>Del 17 &nbsp;al 25 de juny &nbsp;<\/td><\/tr><tr><td>2.- PRESENTACI\u00d3 CERTIFICACI\u00d3 CONSELL ORIENTADOR\/REQUISIT ACAD\u00c9MIC<\/td><td>&nbsp;<\/td><td>Fins al 3 de juliol<\/td><\/tr><tr><td>3.- ELABORACI\u00d3 DE LES LLISTES PROVISIONALS I PUBLICACI\u00d3<\/td><td>&nbsp; &nbsp;<\/td><td>13 de juliol<\/td><\/tr><tr><td>4.- RECLAMACIONS (TELEM\u00c1TIQUES) DAVANT DE LA DIRECCI\u00d3 DEL CENTRE.<\/td><td>&nbsp;<\/td><td>Del 13 al 15 &nbsp;de juliol<\/td><\/tr><tr><td>5.- PUBLICACI\u00d3 DE LES LLISTES DEFINITIVES DE L\u2019ALUMNAT ADM\u00c9S<\/td><td>&nbsp;<\/td><td>21 de juliol<\/td><\/tr><tr><td>6.- PRESENTACI\u00d3 D\u00b4AL.LEGACIONS (DE FORMA TELEM\u00c0TICA) DAVANT LA COMISSI\u00d3 SECTORIAL<\/td><td>&nbsp;<\/td><td>Del 21 al 23 de juliol<\/td><\/tr><tr><td>7- MATRICULA<\/td><td>&nbsp;<\/td><td>Del 22 al 28 de juliol<\/td><\/tr><\/tbody><\/table><\/figure>\n","protected":false},"excerpt":{"rendered":"<p>PROC\u00c9S \u00daNIC D\u2019ADMISSI\u00d3 FP B\u00c0SICA CURS 2020-2021 TERMINI DE PRESENTACI\u00d3 DE SOL\u00b7LICITUD I INSTRUCCIONS DEL PROC\u00c9S. DEL 17 AL 25 DE JUNY DE 2020 IMPORTANT: Segons Resoluci\u00f3 de 1 de Juny de 2020 de la Conselleria d\u2019Educaci\u00f3, Cultura i Esport per la qual es dicten instruccions del procediment. -PARTICIPACI\u00d3 PROC\u00c9S: exclusivament telem\u00e0tic en les terminis&hellip;&nbsp;<a href=\"https:\/\/www.iescarlessalvador.es\/?p=753\" class=\"\" rel=\"bookmark\">Leer m\u00e1s &raquo;<span class=\"screen-reader-text\">Admissi\u00f3 FP B\u00e0sica<\/span><\/a><\/p>\n","protected":false},"author":1,"featured_media":0,"comment_status":"open","ping_status":"open","sticky":false,"template":"","format":"standard","meta":{"rop_custom_images_group":[],"rop_custom_messages_group":[],"rop_publish_now":"initial","rop_publish_now_accounts":[],"rop_publish_now_history":[],"rop_publish_now_status":"pending","neve_meta_sidebar":"","neve_meta_container":"","neve_meta_enable_content_width":"off","neve_meta_content_width":0,"neve_meta_title_alignment":"","neve_meta_author_avatar":"","neve_post_elements_order":"","neve_meta_disable_header":"","neve_meta_disable_footer":"","neve_meta_disable_title":"","footnotes":""},"categories":[13],"tags":[],"class_list":["post-753","post","type-post","status-publish","format-standard","hentry","category-sin-categoria-ca"],"_links":{"self":[{"href":"https:\/\/www.iescarlessalvador.es\/index.php?rest_route=\/wp\/v2\/posts\/753","targetHints":{"allow":["GET"]}}],"collection":[{"href":"https:\/\/www.iescarlessalvador.es\/index.php?rest_route=\/wp\/v2\/posts"}],"about":[{"href":"https:\/\/www.iescarlessalvador.es\/index.php?rest_route=\/wp\/v2\/types\/post"}],"author":[{"embeddable":true,"href":"https:\/\/www.iescarlessalvador.es\/index.php?rest_route=\/wp\/v2\/users\/1"}],"replies":[{"embeddable":true,"href":"https:\/\/www.iescarlessalvador.es\/index.php?rest_route=%2Fwp%2Fv2%2Fcomments&post=753"}],"version-history":[{"count":5,"href":"https:\/\/www.iescarlessalvador.es\/index.php?rest_route=\/wp\/v2\/posts\/753\/revisions"}],"predecessor-version":[{"id":938,"href":"https:\/\/www.iescarlessalvador.es\/index.php?rest_route=\/wp\/v2\/posts\/753\/revisions\/938"}],"wp:attachment":[{"href":"https:\/\/www.iescarlessalvador.es\/index.php?rest_route=%2Fwp%2Fv2%2Fmedia&parent=753"}],"wp:term":[{"taxonomy":"category","embeddable":true,"href":"https:\/\/www.iescarlessalvador.es\/index.php?rest_route=%2Fwp%2Fv2%2Fcategories&post=753"},{"taxonomy":"post_tag","embeddable":true,"href":"https:\/\/www.iescarlessalvador.es\/index.php?rest_route=%2Fwp%2Fv2%2Ftags&post=753"}],"curies":[{"name":"wp","href":"https:\/\/api.w.org\/{rel}","templated":true}]}}